{"id":4271,"date":"2018-06-18T08:03:35","date_gmt":"2018-06-18T06:03:35","guid":{"rendered":"http:\/\/www.recepti.covermagazin.com\/?p=4271"},"modified":"2025-10-02T05:53:51","modified_gmt":"2025-10-02T03:53:51","slug":"visnje-s-rumom","status":"publish","type":"post","link":"https:\/\/www.recepti.covermagazin.com\/?p=4271","title":{"rendered":"Vi\u0161nje s rumom"},"content":{"rendered":"\n<p><\/p>\n\n\n\n<h3 class=\"wp-block-heading\">Vi\u0161nje s rumom<\/h3>\n\n\n\n<p><strong><br>\nSastojci:<\/strong><\/p>\n\n\n\n<p>3 kg vi\u0161anja<\/p>\n\n\n\n<p>1,5 kg \u0161e\u0107era<\/p>\n\n\n\n<p>8 dl ruma<\/p>\n\n\n\n<p>vanilija<br>\n<strong><br>\nPriprema:<\/strong><\/p>\n\n\n\n<p>Vi\u0161njama maknite peteljke, operite ih i obri\u0161ite.<\/p>\n\n\n\n<p>Sla\u017eite ih u redove u staklenku \u0161iroka grla, svaki red posipajte \u0161e\u0107erom, a u sredinu stavite vaniliju.<\/p>\n\n\n\n<p>Zalijte ih rumom sve do vrha.<\/p>\n\n\n\n<p>Staklenku pokrijte tanjuri\u0107em i dr\u017eite je na suncu 10 dana.<\/p>\n\n\n\n<p>Povremeno je protresite da se sav \u0161e\u0107er rastopi.<\/p>\n\n\n\n<p>Kad je \u0161e\u0107er otopljen, vi\u0161nje su gotove.<\/p>\n\n\n\n<p>Staklenku zave\u017eite i spremite.<\/p>\n","protected":false},"excerpt":{"rendered":"<p>Vi\u0161nje s rumom Sastojci: 3 kg vi\u0161anja 1,5 kg \u0161e\u0107era 8 dl ruma vanilija Priprema: Vi\u0161njama maknite peteljke, operite ih i obri\u0161ite. Sla\u017eite ih u redove u staklenku \u0161iroka grla, svaki red posipajte \u0161e\u0107erom, a u sredinu stavite vaniliju. Zalijte ih rumom sve do vrha. Staklenku pokrijte tanjuri\u0107em i dr\u017eite je na suncu 10 dana. [&hellip;]<\/p>\n","protected":false},"author":1,"featured_media":0,"comment_status":"open","ping_status":"open","sticky":false,"template":"","format":"standard","meta":{"footnotes":""},"categories":[11,12,32],"tags":[400,91],"class_list":["post-4271","post","type-post","status-publish","format-standard","hentry","category-deserti","category-torte_i_kolaci","category-zimnica","tag-kompot","tag-visnje"],"_links":{"self":[{"href":"https:\/\/www.recepti.covermagazin.com\/index.php?rest_route=\/wp\/v2\/posts\/4271","targetHints":{"allow":["GET"]}}],"collection":[{"href":"https:\/\/www.recepti.covermagazin.com\/index.php?rest_route=\/wp\/v2\/posts"}],"about":[{"href":"https:\/\/www.recepti.covermagazin.com\/index.php?rest_route=\/wp\/v2\/types\/post"}],"author":[{"embeddable":true,"href":"https:\/\/www.recepti.covermagazin.com\/index.php?rest_route=\/wp\/v2\/users\/1"}],"replies":[{"embeddable":true,"href":"https:\/\/www.recepti.covermagazin.com\/index.php?rest_route=%2Fwp%2Fv2%2Fcomments&post=4271"}],"version-history":[{"count":13,"href":"https:\/\/www.recepti.covermagazin.com\/index.php?rest_route=\/wp\/v2\/posts\/4271\/revisions"}],"predecessor-version":[{"id":31706,"href":"https:\/\/www.recepti.covermagazin.com\/index.php?rest_route=\/wp\/v2\/posts\/4271\/revisions\/31706"}],"wp:attachment":[{"href":"https:\/\/www.recepti.covermagazin.com\/index.php?rest_route=%2Fwp%2Fv2%2Fmedia&parent=4271"}],"wp:term":[{"taxonomy":"category","embeddable":true,"href":"https:\/\/www.recepti.covermagazin.com\/index.php?rest_route=%2Fwp%2Fv2%2Fcategories&post=4271"},{"taxonomy":"post_tag","embeddable":true,"href":"https:\/\/www.recepti.covermagazin.com\/index.php?rest_route=%2Fwp%2Fv2%2Ftags&post=4271"}],"curies":[{"name":"wp","href":"https:\/\/api.w.org\/{rel}","templated":true}]}}