{"id":3140,"date":"2025-05-04T09:18:22","date_gmt":"2025-05-04T07:18:22","guid":{"rendered":"http:\/\/www.recepti.covermagazin.com\/?p=3140"},"modified":"2025-05-05T13:30:14","modified_gmt":"2025-05-05T11:30:14","slug":"skuse-na-gradele","status":"publish","type":"post","link":"https:\/\/www.recepti.covermagazin.com\/?p=3140","title":{"rendered":"Sku\u0161e na gradele"},"content":{"rendered":"\n<figure class=\"wp-block-image size-full\"><a href=\"https:\/\/www.recepti.covermagazin.com\/wp-content\/uploads\/2025\/05\/Skuse-na-gradele.jpg\"><img loading=\"lazy\" decoding=\"async\" width=\"1024\" height=\"683\" src=\"https:\/\/www.recepti.covermagazin.com\/wp-content\/uploads\/2025\/05\/Skuse-na-gradele.jpg\" alt=\"Sku\u0161e na gradele\" class=\"wp-image-31102\" srcset=\"https:\/\/www.recepti.covermagazin.com\/wp-content\/uploads\/2025\/05\/Skuse-na-gradele.jpg 1024w, https:\/\/www.recepti.covermagazin.com\/wp-content\/uploads\/2025\/05\/Skuse-na-gradele-300x200.jpg 300w, https:\/\/www.recepti.covermagazin.com\/wp-content\/uploads\/2025\/05\/Skuse-na-gradele-768x512.jpg 768w\" sizes=\"auto, (max-width: 1024px) 100vw, 1024px\" \/><\/a><\/figure>\n\n\n\n<h2 class=\"wp-block-heading\">Sku\u0161e na gradele<\/h2>\n\n\n\n<p><strong>Sastojci:<\/strong><\/p>\n\n\n\n<div class=\"wp-block-group has-global-padding is-layout-constrained wp-block-group-is-layout-constrained\">\n<figure class=\"wp-block-image alignleft\"><a href=\"https:\/\/www.recepti.covermagazin.com\/wp-content\/uploads\/2009\/09\/recepti56.gif\"><img decoding=\"async\" src=\"https:\/\/www.recepti.covermagazin.com\/wp-content\/uploads\/2009\/09\/recepti56.gif\" alt=\"recepti Sku\u0161e na gradele\" class=\"wp-image-3142\" title=\"recepti Sku\u0161e na gradele\"\/><\/a><\/figure>\n<\/div>\n\n\n\n<p> 1 sku\u0161a po osobi<\/p>\n\n\n\n<div class=\"wp-block-group has-global-padding is-layout-constrained wp-block-group-is-layout-constrained\">\n<figure class=\"wp-block-image alignleft\"><a href=\"..\/wp-content\/uploads\/2009\/09\/recepti56.gif\"><img decoding=\"async\" src=\"..\/wp-content\/uploads\/2009\/09\/recepti56.gif\" alt=\"recepti Sku\u0161e na gradele\" title=\"recepti Sku\u0161e na gradele\"\/><\/a><\/figure>\n<\/div>\n\n\n\n<p> maslinovo ulje<\/p>\n\n\n\n<div class=\"wp-block-group has-global-padding is-layout-constrained wp-block-group-is-layout-constrained\">\n<figure class=\"wp-block-image alignleft\"><a href=\"..\/wp-content\/uploads\/2009\/09\/recepti56.gif\"><img decoding=\"async\" src=\"..\/wp-content\/uploads\/2009\/09\/recepti56.gif\" alt=\"recepti Sku\u0161e na gradele\" title=\"recepti Sku\u0161e na gradele\"\/><\/a><\/figure>\n<\/div>\n\n\n\n<p> per\u0161in<\/p>\n\n\n\n<div class=\"wp-block-group has-global-padding is-layout-constrained wp-block-group-is-layout-constrained\">\n<figure class=\"wp-block-image alignleft\"><a href=\"..\/wp-content\/uploads\/2009\/09\/recepti56.gif\"><img decoding=\"async\" src=\"..\/wp-content\/uploads\/2009\/09\/recepti56.gif\" alt=\"recepti Sku\u0161e na gradele\" title=\"recepti Sku\u0161e na gradele\"\/><\/a><\/figure>\n<\/div>\n\n\n\n<p> \u010de\u0161njak<\/p>\n\n\n\n<div class=\"wp-block-group has-global-padding is-layout-constrained wp-block-group-is-layout-constrained\">\n<figure class=\"wp-block-image alignleft\"><a href=\"..\/wp-content\/uploads\/2009\/09\/recepti56.gif\"><img decoding=\"async\" src=\"..\/wp-content\/uploads\/2009\/09\/recepti56.gif\" alt=\"recepti Sku\u0161e na gradele\" title=\"recepti Sku\u0161e na gradele\"\/><\/a><\/figure>\n<\/div>\n\n\n\n<p> vinski ocat<\/p>\n\n\n\n<p><strong>Priprema:<\/strong><\/p>\n\n\n\n<p>Priredite sku\u0161e, odre\u017eite im glave, izvadite utrobu, operite ih, a zatim nama\u017eite uljem. Pecite ih na ro\u0161tilju po deset minuta sa svake strane. Posolite ih, posipajte nasjeckanim per\u0161inom i \u010de\u0161njakom izmije\u0161anim s maslinovim uljem i vinskim octom.<\/p>\n\n\n\n<p><a href=\"https:\/\/www.recepti.covermagazin.com\/wp-content\/uploads\/2009\/09\/Sku\u0161e-na-gradele.jpg\"><img loading=\"lazy\" decoding=\"async\" title=\"Sku\u0161e-na-gradele\" width=\"250\" height=\"200\" class=\"aligncenter size-full wp-image-3141\" src=\"https:\/\/www.recepti.covermagazin.com\/wp-content\/uploads\/2009\/09\/Sku\u0161e-na-gradele.jpg\" alt=\"Sku\u0161e-na-gradele\"><\/a><\/p>\n","protected":false},"excerpt":{"rendered":"<p>Sku\u0161e na gradele Sastojci: 1 sku\u0161a po osobi maslinovo ulje per\u0161in \u010de\u0161njak vinski ocat Priprema: Priredite sku\u0161e, odre\u017eite im glave, izvadite utrobu, operite ih, a zatim nama\u017eite uljem. Pecite ih na ro\u0161tilju po deset minuta sa svake strane. Posolite ih, posipajte nasjeckanim per\u0161inom i \u010de\u0161njakom izmije\u0161anim s maslinovim uljem i vinskim octom.<\/p>\n","protected":false},"author":3,"featured_media":31102,"comment_status":"open","ping_status":"open","sticky":false,"template":"","format":"standard","meta":{"footnotes":""},"categories":[10,19],"tags":[652,428,188,355],"class_list":["post-3140","post","type-post","status-publish","format-standard","has-post-thumbnail","hentry","category-glavna_jela","category-ribe_i_plodovi_mora","tag-dalmatinska-kuhinja","tag-mediteranska-kuhinja","tag-rostilj","tag-skusa"],"_links":{"self":[{"href":"https:\/\/www.recepti.covermagazin.com\/index.php?rest_route=\/wp\/v2\/posts\/3140","targetHints":{"allow":["GET"]}}],"collection":[{"href":"https:\/\/www.recepti.covermagazin.com\/index.php?rest_route=\/wp\/v2\/posts"}],"about":[{"href":"https:\/\/www.recepti.covermagazin.com\/index.php?rest_route=\/wp\/v2\/types\/post"}],"author":[{"embeddable":true,"href":"https:\/\/www.recepti.covermagazin.com\/index.php?rest_route=\/wp\/v2\/users\/3"}],"replies":[{"embeddable":true,"href":"https:\/\/www.recepti.covermagazin.com\/index.php?rest_route=%2Fwp%2Fv2%2Fcomments&post=3140"}],"version-history":[{"count":17,"href":"https:\/\/www.recepti.covermagazin.com\/index.php?rest_route=\/wp\/v2\/posts\/3140\/revisions"}],"predecessor-version":[{"id":31103,"href":"https:\/\/www.recepti.covermagazin.com\/index.php?rest_route=\/wp\/v2\/posts\/3140\/revisions\/31103"}],"wp:featuredmedia":[{"embeddable":true,"href":"https:\/\/www.recepti.covermagazin.com\/index.php?rest_route=\/wp\/v2\/media\/31102"}],"wp:attachment":[{"href":"https:\/\/www.recepti.covermagazin.com\/index.php?rest_route=%2Fwp%2Fv2%2Fmedia&parent=3140"}],"wp:term":[{"taxonomy":"category","embeddable":true,"href":"https:\/\/www.recepti.covermagazin.com\/index.php?rest_route=%2Fwp%2Fv2%2Fcategories&post=3140"},{"taxonomy":"post_tag","embeddable":true,"href":"https:\/\/www.recepti.covermagazin.com\/index.php?rest_route=%2Fwp%2Fv2%2Ftags&post=3140"}],"curies":[{"name":"wp","href":"https:\/\/api.w.org\/{rel}","templated":true}]}}